{"id":845,"date":"2024-11-09T19:46:20","date_gmt":"2024-11-09T19:46:20","guid":{"rendered":"https:\/\/teasoderlund.fi\/?p=845"},"modified":"2025-01-06T15:53:35","modified_gmt":"2025-01-06T15:53:35","slug":"siirtymia-p-galleria-9-24-11-2024","status":"publish","type":"post","link":"https:\/\/teasoderlund.fi\/?p=845","title":{"rendered":"SIIRTYMI\u00c4 | P-galleria | 9.-24.11.2024"},"content":{"rendered":"\n<figure class=\"wp-block-gallery has-nested-images columns-default is-cropped wp-block-gallery-1 is-layout-flex wp-block-gallery-is-layout-flex\"><\/figure>\n\n\n\n<p>N\u00e4yttelyni l\u00e4ht\u00f6kohtana on ollut isovanhempieni kaitafilmikokoelma. \u00c4\u00e4nett\u00f6m\u00e4t ja rakeiset otokset vangitsevat ohikiit\u00e4vi\u00e4 hetki\u00e4 syntym\u00e4p\u00e4ivist\u00e4, lomamatkoista, h\u00e4ist\u00e4 ja arjesta vuosikymmenten takaa. Toisaalta niiden kuvaama maailma on aina ep\u00e4t\u00e4ydellinen, vailla kontekstia ja puhetta. <br>Filmeiss\u00e4 on kuvattu my\u00f6s automatkoja, auringonlaskuja, omenankukkia kev\u00e4\u00e4ll\u00e4 ja iso\u00e4iti\u00e4ni keinumassa jossain p\u00e4in Saimaan rannalla lomamatkan varrella. <br>Siirtymi\u00e4-n\u00e4yttely keskittyy n\u00e4ihin pieniin hetkiin arjen ja juhlan v\u00e4lill\u00e4. Siirtymi\u00e4 el\u00e4m\u00e4nvaiheiden v\u00e4lill\u00e4 &#8211; liminaalisia tiloja, jotka eiv\u00e4t ole t\u00e4\u00e4ll\u00e4 eiv\u00e4tk\u00e4 siell\u00e4. Ne ovat jatkuvassa liikkeess\u00e4 olevia hetkellisi\u00e4 ja hauraita ep\u00e4varmuuden tiloja, jotka yhdist\u00e4v\u00e4t menneisyyden tulevaisuuteen. <br>Kamerat ovat nyky\u00e4\u00e4n arkip\u00e4ivi\u00e4isi\u00e4, kaikkialla l\u00e4sn\u00e4olevia v\u00e4lineit\u00e4. Kuten isovanhempani, olen itsekin kuvannut arkea, juhlaa ja hetki\u00e4 auton kyydiss\u00e4. T\u00e4m\u00e4 on ollut itselleni sek\u00e4 ajanvietett\u00e4, ett\u00e4 merkityksellisten hetkien taltiointia. Erilaisten tekniikoiden avulla olen muokannut perityist\u00e4 kaitafilmeist\u00e4 ja omista videoista kerroksellisen kudelman siirtymi\u00e4, niin fyysisi\u00e4, kuin seremoniallisiakin.<br>Nykyaikaisen digitaalisen materiaalin ja rakeisen 8 mm:n rinnakkaisuus tutkii my\u00f6s teknologian roolia siin\u00e4, miten koemme, muistamme ja tallennamme el\u00e4m\u00e4n tapahtumia. N\u00e4yttely kartoittaa my\u00f6s henkil\u00f6kohtaisen muistin ja kollektiivisen kokemuksen v\u00e4list\u00e4 j\u00e4nnitett\u00e4.<\/p>\n\n\n\n<p><em>Siirtymi\u00e4<\/em> oli esill\u00e4 <a href=\"https:\/\/galleria.porintaiteilijaseura.fi\" target=\"_blank\" rel=\"noreferrer noopener\">P-galleriassa<\/a> 9.-24.11.2024<\/p>\n","protected":false},"excerpt":{"rendered":"<p>N\u00e4yttelyni l\u00e4ht\u00f6kohtana on ollut isovanhempieni kaitafilmikokoelma. \u00c4\u00e4nett\u00f6m\u00e4t ja rakeiset otokset vangitsevat ohikiit\u00e4vi\u00e4 hetki\u00e4 syntym\u00e4p\u00e4ivist\u00e4, lomamatkoista, h\u00e4ist\u00e4 ja arjesta vuosikymmenten takaa. Toisaalta niiden kuvaama maailma on aina ep\u00e4t\u00e4ydellinen, vailla kontekstia ja puhetta. Filmeiss\u00e4 on kuvattu&#8230;<\/p>\n","protected":false},"author":2,"featured_media":846,"comment_status":"closed","ping_status":"","sticky":false,"template":"","format":"gallery","meta":{"footnotes":""},"categories":[1],"tags":[42,19,67,6,68],"_links":{"self":[{"href":"https:\/\/teasoderlund.fi\/index.php?rest_route=\/wp\/v2\/posts\/845"}],"collection":[{"href":"https:\/\/teasoderlund.fi\/index.php?rest_route=\/wp\/v2\/posts"}],"about":[{"href":"https:\/\/teasoderlund.fi\/index.php?rest_route=\/wp\/v2\/types\/post"}],"author":[{"embeddable":true,"href":"https:\/\/teasoderlund.fi\/index.php?rest_route=\/wp\/v2\/users\/2"}],"replies":[{"embeddable":true,"href":"https:\/\/teasoderlund.fi\/index.php?rest_route=%2Fwp%2Fv2%2Fcomments&post=845"}],"version-history":[{"count":2,"href":"https:\/\/teasoderlund.fi\/index.php?rest_route=\/wp\/v2\/posts\/845\/revisions"}],"predecessor-version":[{"id":860,"href":"https:\/\/teasoderlund.fi\/index.php?rest_route=\/wp\/v2\/posts\/845\/revisions\/860"}],"wp:featuredmedia":[{"embeddable":true,"href":"https:\/\/teasoderlund.fi\/index.php?rest_route=\/wp\/v2\/media\/846"}],"wp:attachment":[{"href":"https:\/\/teasoderlund.fi\/index.php?rest_route=%2Fwp%2Fv2%2Fmedia&parent=845"}],"wp:term":[{"taxonomy":"category","embeddable":true,"href":"https:\/\/teasoderlund.fi\/index.php?rest_route=%2Fwp%2Fv2%2Fcategories&post=845"},{"taxonomy":"post_tag","embeddable":true,"href":"https:\/\/teasoderlund.fi\/index.php?rest_route=%2Fwp%2Fv2%2Ftags&post=845"}],"curies":[{"name":"wp","href":"https:\/\/api.w.org\/{rel}","templated":true}]}}